{"id":63222,"date":"2021-10-18T15:46:21","date_gmt":"2021-10-18T13:46:21","guid":{"rendered":"https:\/\/www.goriffee.com\/bez-kategorii\/dlaczego-kawa-z-brazylii-nie-jest-juz-tania\/"},"modified":"2025-10-30T13:15:01","modified_gmt":"2025-10-30T12:15:01","slug":"dlaczego-kawa-z-brazylii-nie-jest-juz-tania","status":"publish","type":"post","link":"https:\/\/www.goriffee.com\/pl\/2021\/10\/dlaczego-kawa-z-brazylii-nie-jest-juz-tania\/","title":{"rendered":"Dlaczego kawa z Brazylii nie jest ju\u017c tania?"},"content":{"rendered":"\n<p>Jak zapewne zauwa\u017cyli\u015bcie, ceny wielu towar\u00f3w i \u015brodk\u00f3w produkcji gwa\u0142townie wzros\u0142y w ostatnich miesi\u0105cach i cho\u0107 niech\u0119tnie, jeste\u015bmy zmuszeni do refleksji i dostosowania si\u0119 do tej sytuacji.<\/p>\n\n<p>Przyjrzyjmy si\u0119 zatem temu, co dzieje si\u0119 w gospodarce i jak to na nas wp\u0142ywa.<\/p>\n\n<h3 class=\"wp-block-heading\">Ceny energii<\/h3>\n\n<p>Paradoksalnie, przej\u015bcie na zielon\u0105 energi\u0119, w po\u0142\u0105czeniu z jej niestabilnymi dostawami lub nierozwi\u0105zanymi kwestiami magazynowania, przyczyni\u0142o si\u0119 do du\u017cego powrotu do wytwarzania energii z w\u0119gla lub gazu. Gaz ten nie jest nast\u0119pnie dost\u0119pny dla firm do produkcji lub dla gospodarstw domowych do ogrzewania dom\u00f3w, a wszystko to powoduje wzrost cen gazu i energii elektrycznej. <\/p>\n\n<p>Viac na: <a href=\"https:\/\/www.ft.com\/content\/f37d2a36-4609-4b3e-9795-064b6d459676\" rel=\"nofollow noopener\" target=\"_blank\">https:\/\/www.ft.com\/content\/f37d2a36-4609-4b3e-9795-064b6d459676<\/a><\/p>\n\n<h3 class=\"wp-block-heading\">Problemy z logistyk\u0105<\/h3>\n\n<p>Wszystko jest op\u00f3\u017anione, nie ma niczego w magazynach, nikt nie wie, kiedy rzeczy zostan\u0105 uzupe\u0142nione lub kiedy te problemy zostan\u0105 rozwi\u0105zane. Od chips\u00f3w po papierowe filtry do przygotowywania kawy, sytuacja ta wp\u0142ywa na ca\u0142y \u0142a\u0144cuch dostaw. Problem dotyczy nie tylko produkcji, ale tak\u017ce samej zdolno\u015bci transportowej, kt\u00f3ra skurczy\u0142a si\u0119 podczas pandemii i obecnie nie jest w stanie dzia\u0142a\u0107 z wystarczaj\u0105c\u0105 elastyczno\u015bci\u0105 i wydajno\u015bci\u0105.  <\/p>\n\n<p>Wi\u0119cej informacji: <a href=\"https:\/\/www.gbreports.com\/article\/logistics-challenges-in-2021\" target=\"_blank\" rel=\"noopener\">https:\/\/www.gbreports.com\/article\/logistics-challenges-in-2021<\/a><\/p>\n\n<h3 class=\"wp-block-heading\">Ch\u0119\u0107 ludzi do pracy spad\u0142a<\/h3>\n\n<p>Gdzie podziali si\u0119 ludzie? To prawdopodobnie najcz\u0119stsze pytanie zadawane obecnie przez ka\u017cdego mened\u017cera HR. Wydaje si\u0119, \u017ce pandemia zmieni\u0142a preferencje ludzi i coraz cz\u0119\u015bciej pozostaj\u0105 oni dobrowolnie bezrobotni. Jest to oczywi\u015bcie zmiana strukturalna, kt\u00f3ra nie tylko si\u0119 zmieni, ale jednocze\u015bnie niedob\u00f3r ludzi powoduje znaczny wzrost wynagrodze\u0144.   <\/p>\n\n<p>Wi\u0119cej informacji: <a href=\"https:\/\/www.nytimes.com\/2021\/09\/04\/opinion\/labor-shortage-biden-covid.html\" target=\"_blank\" rel=\"noopener\">https:\/\/www.nytimes.com\/2021\/09\/04\/opinion\/labor-shortage-biden-covid.html<\/a><\/p>\n\n<h3 class=\"wp-block-heading\">Mro\u017ane temperatury w Brazylii i zmiany klimatu<\/h3>\n\n<p>Zmiany klimatu ju\u017c nadesz\u0142y. Nie za 5 czy 10 lat, ale teraz jeste\u015bmy w samym \u015brodku kryzysu i widzieli\u015bmy to w pe\u0142ni w Brazylii, gdzie zamarz\u0142y tegoroczne uprawy. W kraju, kt\u00f3ry jest najwi\u0119kszym producentem kawy na \u015bwiecie, zbiory b\u0119d\u0105 ni\u017csze o co najmniej 30%. Od tego czasu ceny kawy gwa\u0142townie wzros\u0142y, a przy podobnych problemach w innych krajach mo\u017cemy sobie tylko wyobrazi\u0107, gdzie si\u0119 zatrzymaj\u0105.   <\/p>\n\n<p>Wi\u0119cej informacji: <a href=\"https:\/\/dailycoffeenews.com\/2021\/07\/12\/frost-hits-brazilian-coffee-lands-extent-of-damage-not-yet-known\/\" target=\"_blank\" rel=\"noopener\">https:\/\/dailycoffeenews.com\/2021\/07\/12\/frost-hits-brazilian-coffee-lands-extent-of-damage-not-yet-known\/<\/a><\/p>\n\n<h3 class=\"wp-block-heading\">Inflacja<\/h3>\n\n<p>Nie tylko powy\u017csze czynniki, ale tak\u017ce wiele innych wystrzeli\u0142o krzyw\u0105 inflacji w g\u00f3r\u0119, do najwy\u017cszych warto\u015bci od 13 lat. Oznacza to, \u017ce mo\u017cemy kupi\u0107 mniej towar\u00f3w i us\u0142ug za t\u0119 sam\u0105 kwot\u0119 pieni\u0119dzy. <\/p>\n\n<p>Wi\u0119cej informacji: <a href=\"https:\/\/www.reuters.com\/world\/europe\/euro-zone-inflation-jumps-13-year-high-worsening-ecb-headache-2021-10-01\/\" target=\"_blank\" rel=\"noopener\">https:\/\/www.reuters.com\/world\/europe\/euro-zone-inflation-jumps-13-year-high-worsening-ecb-headache-2021-10-01\/<\/a><\/p>\n\n<p>Niestety, wszystkie problemy opisane powy\u017cej, kt\u00f3re zwi\u0119kszy\u0142y nasze koszty produkcji i ceny zakupu praktycznie wszystkiego, zmusi\u0142y nas do reakcji.<\/p>\n\n<p>Dlatego, cho\u0107 niech\u0119tnie, podnosimy ceny naszych kaw od listopada 2021 roku. Dotyczy to w szczeg\u00f3lno\u015bci mieszanek espresso Brazil Caramelo i Highlander. <\/p>\n\n<p>Mamy nadziej\u0119, \u017ce rozumiecie nasz\u0105 sytuacj\u0119 i dzi\u0119kujemy za pozostanie lojalnymi wobec nas,<\/p>\n\n<p>Team Goriffee.<\/p>\n","protected":false},"excerpt":{"rendered":"<p>Jak zapewne zauwa\u017cyli\u015bcie, ceny wielu towar\u00f3w i \u015brodk\u00f3w produkcji gwa\u0142townie wzros\u0142y w ostatnich miesi\u0105cach i cho\u0107 niech\u0119tnie, jeste\u015bmy zmuszeni do refleksji i dostosowania si\u0119 do tej sytuacji. Przyjrzyjmy si\u0119 zatem temu, co dzieje si\u0119 w gospodarce i jak to na nas wp\u0142ywa. Ceny energii Paradoksalnie, przej\u015bcie na zielon\u0105 energi\u0119, w po\u0142\u0105czeniu z jej niestabilnymi dostawami lub nierozwi\u0105zanymi kwestiami magazynowania, przyczyni\u0142o si\u0119 do du\u017cego powrotu do wytwarzania energii z w\u0119gla lub gazu. Gaz ten nie jest nast\u0119pnie dost\u0119pny dla firm do produkcji lub dla gospodarstw domowych do ogrzewania dom\u00f3w, a wszystko to powoduje wzrost cen gazu i energii elektrycznej. Viac na: https:\/\/www.ft.com\/content\/f37d2a36-4609-4b3e-9795-064b6d459676 Problemy z logistyk\u0105 Wszystko jest op\u00f3\u017anione, nie ma niczego w magazynach, nikt nie wie, kiedy rzeczy zostan\u0105 uzupe\u0142nione lub kiedy te problemy zostan\u0105 rozwi\u0105zane. Od chips\u00f3w po papierowe filtry do przygotowywania kawy, sytuacja ta wp\u0142ywa na ca\u0142y \u0142a\u0144cuch dostaw. Problem dotyczy nie tylko produkcji, ale tak\u017ce samej zdolno\u015bci transportowej, kt\u00f3ra skurczy\u0142a si\u0119 podczas pandemii i obecnie nie jest w stanie dzia\u0142a\u0107 z wystarczaj\u0105c\u0105 elastyczno\u015bci\u0105 i wydajno\u015bci\u0105. Wi\u0119cej informacji: https:\/\/www.gbreports.com\/article\/logistics-challenges-in-2021 Ch\u0119\u0107 ludzi do pracy spad\u0142a Gdzie podziali si\u0119 ludzie? To prawdopodobnie najcz\u0119stsze pytanie zadawane obecnie przez ka\u017cdego mened\u017cera HR. Wydaje si\u0119, \u017ce pandemia zmieni\u0142a preferencje ludzi i coraz cz\u0119\u015bciej pozostaj\u0105 oni dobrowolnie bezrobotni. Jest to oczywi\u015bcie zmiana strukturalna, kt\u00f3ra nie tylko si\u0119 zmieni, ale jednocze\u015bnie niedob\u00f3r ludzi powoduje znaczny wzrost wynagrodze\u0144. Wi\u0119cej informacji: https:\/\/www.nytimes.com\/2021\/09\/04\/opinion\/labor-shortage-biden-covid.html Mro\u017ane temperatury w Brazylii i zmiany klimatu Zmiany klimatu ju\u017c nadesz\u0142y. Nie za 5 czy 10 lat, ale teraz jeste\u015bmy w samym \u015brodku kryzysu i widzieli\u015bmy to w pe\u0142ni w Brazylii, gdzie zamarz\u0142y tegoroczne uprawy. W kraju, kt\u00f3ry jest najwi\u0119kszym producentem kawy na \u015bwiecie, zbiory b\u0119d\u0105 ni\u017csze o co najmniej 30%. Od tego czasu ceny kawy gwa\u0142townie wzros\u0142y, a przy podobnych problemach w innych krajach mo\u017cemy sobie tylko wyobrazi\u0107, gdzie si\u0119 zatrzymaj\u0105. Wi\u0119cej informacji: https:\/\/dailycoffeenews.com\/2021\/07\/12\/frost-hits-brazilian-coffee-lands-extent-of-damage-not-yet-known\/ Inflacja Nie tylko powy\u017csze czynniki, ale tak\u017ce wiele innych wystrzeli\u0142o krzyw\u0105 inflacji w g\u00f3r\u0119, do najwy\u017cszych warto\u015bci od 13 lat. Oznacza to, \u017ce mo\u017cemy kupi\u0107 mniej towar\u00f3w i us\u0142ug za t\u0119 sam\u0105 kwot\u0119 pieni\u0119dzy. Wi\u0119cej informacji: https:\/\/www.reuters.com\/world\/europe\/euro-zone-inflation-jumps-13-year-high-worsening-ecb-headache-2021-10-01\/ Niestety, wszystkie problemy opisane powy\u017cej, kt\u00f3re zwi\u0119kszy\u0142y nasze koszty produkcji i ceny zakupu praktycznie wszystkiego, zmusi\u0142y nas do reakcji. Dlatego, cho\u0107 niech\u0119tnie, podnosimy ceny naszych kaw od listopada 2021 roku. Dotyczy to w szczeg\u00f3lno\u015bci mieszanek espresso Brazil Caramelo i Highlander. Mamy nadziej\u0119, \u017ce rozumiecie nasz\u0105 sytuacj\u0119 i dzi\u0119kujemy za pozostanie lojalnymi wobec nas, Team Goriffee.<\/p>\n","protected":false},"author":8,"featured_media":63224,"comment_status":"closed","ping_status":"open","sticky":false,"template":"","format":"standard","meta":{"_acf_changed":false,"footnotes":""},"categories":[1246],"tags":[],"class_list":["post-63222","post","type-post","status-publish","format-standard","has-post-thumbnail","hentry","category-bez-kategorii"],"acf":[],"_links":{"self":[{"href":"https:\/\/www.goriffee.com\/pl\/wp-json\/wp\/v2\/posts\/63222","targetHints":{"allow":["GET"]}}],"collection":[{"href":"https:\/\/www.goriffee.com\/pl\/wp-json\/wp\/v2\/posts"}],"about":[{"href":"https:\/\/www.goriffee.com\/pl\/wp-json\/wp\/v2\/types\/post"}],"author":[{"embeddable":true,"href":"https:\/\/www.goriffee.com\/pl\/wp-json\/wp\/v2\/users\/8"}],"replies":[{"embeddable":true,"href":"https:\/\/www.goriffee.com\/pl\/wp-json\/wp\/v2\/comments?post=63222"}],"version-history":[{"count":2,"href":"https:\/\/www.goriffee.com\/pl\/wp-json\/wp\/v2\/posts\/63222\/revisions"}],"predecessor-version":[{"id":63229,"href":"https:\/\/www.goriffee.com\/pl\/wp-json\/wp\/v2\/posts\/63222\/revisions\/63229"}],"wp:featuredmedia":[{"embeddable":true,"href":"https:\/\/www.goriffee.com\/pl\/wp-json\/wp\/v2\/media\/63224"}],"wp:attachment":[{"href":"https:\/\/www.goriffee.com\/pl\/wp-json\/wp\/v2\/media?parent=63222"}],"wp:term":[{"taxonomy":"category","embeddable":true,"href":"https:\/\/www.goriffee.com\/pl\/wp-json\/wp\/v2\/categories?post=63222"},{"taxonomy":"post_tag","embeddable":true,"href":"https:\/\/www.goriffee.com\/pl\/wp-json\/wp\/v2\/tags?post=63222"}],"curies":[{"name":"wp","href":"https:\/\/api.w.org\/{rel}","templated":true}]}}